{"id":1634,"date":"2018-11-09T09:08:15","date_gmt":"2018-11-09T07:08:15","guid":{"rendered":"http:\/\/tehton.covermagazin.com\/?p=1634"},"modified":"2020-09-28T21:40:59","modified_gmt":"2020-09-28T19:40:59","slug":"kako-izgledati-dobro-na-facebook-fotografijama","status":"publish","type":"post","link":"https:\/\/tehton.covermagazin.com\/?p=1634","title":{"rendered":"Kako izgledati dobro na Facebook fotografijama?!"},"content":{"rendered":"<h3><a href=\"https:\/\/tehton.covermagazin.com\/wp-content\/uploads\/2020\/04\/tehton_f2.jpg\"><img loading=\"lazy\" decoding=\"async\" class=\"alignnone size-full wp-image-7976\" src=\"https:\/\/tehton.covermagazin.com\/wp-content\/uploads\/2020\/04\/tehton_f2.jpg\" alt=\"\" width=\"600\" height=\"397\" \/><\/a><\/h3>\n<h3>Kako izgledati dobro na Facebook fotografijama?!<\/h3>\n<p>\u0160to je gore od toga da lo\u0161e ispada\u0161 na fotografijama?! Da takvu tvoju fotografiju postave na Facebook i jo\u0161 te ozna\u010de. Evo nekoliko savjeta kako u svakom trenutku fotografiranja ostaviti \u0161to bolji dojam:<\/p>\n<p>&#8211; Koristi izbjeljiva\u010de za zube. \u017duti zubi uvijek ostavljaju dojam neuredne osobe, a posebno ukoliko se voli\u0161 smije\u0161iti. Uz samo malo truda, dojam se vrlo lako mo\u017ee popraviti.<\/p>\n<p>&#8211; Fotografiraj se na \u0161to osvjetljenijim mjestima. Posebno je dobro da svjetlost pada to\u010dno na tebe.<\/p>\n<p>&#8211; Stru\u010dnjaci ka\u017eu kako je ve\u0107ini ljudi na fotografijama lice dosta svjetlije od vrata zbog reakcije pudera na svjetlost, kako bi to sprije\u010dila, puder nanesi i na vrat.<\/p>\n<p>&#8211; Pozu koja ti najbolje pristaje dosta je te\u0161ko prona\u0107i, no, poku\u0161aj s ovom na slici ispod, ona vrlo rijetko kome da ne pristaje.<\/p>\n<p><a href=\"https:\/\/tehton.covermagazin.com\/wp-content\/uploads\/2010\/11\/poza-za-fotografiranje.jpg\"><img loading=\"lazy\" decoding=\"async\" class=\"alignnone size-full wp-image-1636\" title=\"poza za fotografiranje\" src=\"https:\/\/tehton.covermagazin.com\/wp-content\/uploads\/2010\/11\/poza-za-fotografiranje.jpg\" alt=\"\" width=\"300\" height=\"374\" \/><\/a><\/p>\n<p>&#8211; Nemoj zaboraviti nanijeti rumenilo, mo\u017eda \u010dak i u ne\u0161to ve\u0107oj koli\u010dini nego ina\u010de. Osim toga, identi\u010dna kombinacija rumenila i ru\u017ea za usne uvijek ostavlja dobar dojam.<\/p>\n<p>&#8211; Kod ku\u0107e ve\u0107 isprobaj u kakvom izdanju najbolje izgleda\u0161 na fotografijama i to primjenjuj. Posebnu pa\u017enju obrati na osmijeh. On je vrlo va\u017ean faktor u fotografiranju.<\/p>\n<p>&#8211; Nosi boje koje ti najbolje pristaju.<\/p>\n<p>&#8211; Nanesi \u0161to vi\u0161e slojeva maskare, a ne bi bilo lo\u0161e koristiti i tamnu olovku za o\u010di ili tu\u0161 koji \u0107e ih dodatno istaknuti.<\/p>\n<p><a href=\"https:\/\/tehton.covermagazin.com\/wp-content\/uploads\/2010\/11\/maskara.jpg\"><img loading=\"lazy\" decoding=\"async\" class=\"alignnone size-full wp-image-1638\" title=\"maskara\" src=\"https:\/\/tehton.covermagazin.com\/wp-content\/uploads\/2010\/11\/maskara.jpg\" alt=\"\" width=\"300\" height=\"300\" \/><\/a><\/p>\n<p>&#8211; Ukoliko se fotografira\u0161 izbliza fotoaparat digni ne\u0161to vi\u0161e i lagano ga pod kutom nagni prema dole, tako \u0107e tvoje lice izgledati bolje.<\/p>\n<p>&#8211; Izbjegavaj kori\u0161tenje jakih sjajila jer ona na slikama uglavnom izgledaju prenapadno.<\/p>\n<p>&#8211; Ukoliko vi\u0161e voli\u0161 crno \u2013 bijele fotografije onda se nemoj ustru\u010davati nanijeti ne\u0161to vi\u0161e \u0161minke.<\/p>\n<p><a href=\"https:\/\/tehton.covermagazin.com\/wp-content\/uploads\/2010\/11\/crno-bijele-fotografije.jpg\"><img loading=\"lazy\" decoding=\"async\" class=\"alignnone size-full wp-image-1639\" title=\"crno bijele fotografije\" src=\"https:\/\/tehton.covermagazin.com\/wp-content\/uploads\/2010\/11\/crno-bijele-fotografije.jpg\" alt=\"\" width=\"300\" height=\"300\" \/><\/a><\/p>\n","protected":false},"excerpt":{"rendered":"<p>\u0160to je gore od toga da lo\u0161e ispada\u0161 na fotografijama?! Da takvu tvoju fotografiju postave na Facebook i jo\u0161 te ozna\u010de..<\/p>\n","protected":false},"author":3,"featured_media":0,"comment_status":"open","ping_status":"open","sticky":false,"template":"","format":"standard","meta":{"footnotes":""},"categories":[5,153],"tags":[103,402,12,117,24,415,414],"class_list":["post-1634","post","type-post","status-publish","format-standard","hentry","category-facebook","category-izdvojeno","tag-drustvene-mreze","tag-facebook","tag-facebook-profilne-slike","tag-fotografije","tag-fotografije-za-face","tag-slike-za-profil","tag-slike-za-profilnu"],"_links":{"self":[{"href":"https:\/\/tehton.covermagazin.com\/index.php?rest_route=\/wp\/v2\/posts\/1634","targetHints":{"allow":["GET"]}}],"collection":[{"href":"https:\/\/tehton.covermagazin.com\/index.php?rest_route=\/wp\/v2\/posts"}],"about":[{"href":"https:\/\/tehton.covermagazin.com\/index.php?rest_route=\/wp\/v2\/types\/post"}],"author":[{"embeddable":true,"href":"https:\/\/tehton.covermagazin.com\/index.php?rest_route=\/wp\/v2\/users\/3"}],"replies":[{"embeddable":true,"href":"https:\/\/tehton.covermagazin.com\/index.php?rest_route=%2Fwp%2Fv2%2Fcomments&post=1634"}],"version-history":[{"count":16,"href":"https:\/\/tehton.covermagazin.com\/index.php?rest_route=\/wp\/v2\/posts\/1634\/revisions"}],"predecessor-version":[{"id":1642,"href":"https:\/\/tehton.covermagazin.com\/index.php?rest_route=\/wp\/v2\/posts\/1634\/revisions\/1642"}],"wp:attachment":[{"href":"https:\/\/tehton.covermagazin.com\/index.php?rest_route=%2Fwp%2Fv2%2Fmedia&parent=1634"}],"wp:term":[{"taxonomy":"category","embeddable":true,"href":"https:\/\/tehton.covermagazin.com\/index.php?rest_route=%2Fwp%2Fv2%2Fcategories&post=1634"},{"taxonomy":"post_tag","embeddable":true,"href":"https:\/\/tehton.covermagazin.com\/index.php?rest_route=%2Fwp%2Fv2%2Ftags&post=1634"}],"curies":[{"name":"wp","href":"https:\/\/api.w.org\/{rel}","templated":true}]}}