{"id":3339,"date":"2011-09-29T09:46:13","date_gmt":"2011-09-29T07:46:13","guid":{"rendered":"http:\/\/tehton.covermagazin.com\/?p=3339"},"modified":"2020-06-19T22:13:23","modified_gmt":"2020-06-19T20:13:23","slug":"hoce-li-se-facebook-poceti-naplacivati","status":"publish","type":"post","link":"https:\/\/tehton.covermagazin.com\/?p=3339","title":{"rendered":"Ho\u0107e li se Facebook po\u010deti napla\u0107ivati?!"},"content":{"rendered":"<h3><a href=\"https:\/\/tehton.covermagazin.com\/wp-content\/uploads\/2020\/04\/tehton_f2.jpg\"><img loading=\"lazy\" decoding=\"async\" class=\"alignnone size-full wp-image-7976\" src=\"https:\/\/tehton.covermagazin.com\/wp-content\/uploads\/2020\/04\/tehton_f2.jpg\" alt=\"\" width=\"600\" height=\"397\" \/><\/a><\/h3>\n<h3>Ho\u0107e li se Facebook po\u010deti napla\u0107ivati?!<\/h3>\n<p>Ponovno su pokrenute glasine kako \u0107e se Facebook ubrzo po\u010deti napla\u0107ivati \u0161to je uzrokovalo negodovanje njegovih fanova, a i brzo \u0161irenje panike, te popularnih statusa \u2013 obavijesti o promjenama i mogu\u0107oj naplati.<\/p>\n<p>Iz Facebooka poru\u010duju\u00a0 da su glasine o napla\u0107ivanju kori\u0161tenja ove dru\u0161tvene mre\u017ee neutemeljene, te da Facebook i dalje ostaje besplatan svojim korisnicima.<\/p>\n","protected":false},"excerpt":{"rendered":"<p>Ponovno su pokrenute glasine kako \u0107e se Facebook ubrzo po\u010deti napla\u0107ivati \u0161to je uzrokovalo&#8230;<\/p>\n","protected":false},"author":3,"featured_media":0,"comment_status":"open","ping_status":"open","sticky":false,"template":"","format":"standard","meta":{"footnotes":""},"categories":[5],"tags":[402,193],"class_list":["post-3339","post","type-post","status-publish","format-standard","hentry","category-facebook","tag-facebook","tag-naplata-facebooka"],"_links":{"self":[{"href":"https:\/\/tehton.covermagazin.com\/index.php?rest_route=\/wp\/v2\/posts\/3339","targetHints":{"allow":["GET"]}}],"collection":[{"href":"https:\/\/tehton.covermagazin.com\/index.php?rest_route=\/wp\/v2\/posts"}],"about":[{"href":"https:\/\/tehton.covermagazin.com\/index.php?rest_route=\/wp\/v2\/types\/post"}],"author":[{"embeddable":true,"href":"https:\/\/tehton.covermagazin.com\/index.php?rest_route=\/wp\/v2\/users\/3"}],"replies":[{"embeddable":true,"href":"https:\/\/tehton.covermagazin.com\/index.php?rest_route=%2Fwp%2Fv2%2Fcomments&post=3339"}],"version-history":[{"count":3,"href":"https:\/\/tehton.covermagazin.com\/index.php?rest_route=\/wp\/v2\/posts\/3339\/revisions"}],"predecessor-version":[{"id":8677,"href":"https:\/\/tehton.covermagazin.com\/index.php?rest_route=\/wp\/v2\/posts\/3339\/revisions\/8677"}],"wp:attachment":[{"href":"https:\/\/tehton.covermagazin.com\/index.php?rest_route=%2Fwp%2Fv2%2Fmedia&parent=3339"}],"wp:term":[{"taxonomy":"category","embeddable":true,"href":"https:\/\/tehton.covermagazin.com\/index.php?rest_route=%2Fwp%2Fv2%2Fcategories&post=3339"},{"taxonomy":"post_tag","embeddable":true,"href":"https:\/\/tehton.covermagazin.com\/index.php?rest_route=%2Fwp%2Fv2%2Ftags&post=3339"}],"curies":[{"name":"wp","href":"https:\/\/api.w.org\/{rel}","templated":true}]}}