{"id":4082,"date":"2012-03-28T09:28:42","date_gmt":"2012-03-28T07:28:42","guid":{"rendered":"http:\/\/tehton.covermagazin.com\/?p=4082"},"modified":"2020-06-19T21:49:15","modified_gmt":"2020-06-19T19:49:15","slug":"sto-staviti-na-naslovnu-fotografiju-facebook-timelinea","status":"publish","type":"post","link":"https:\/\/tehton.covermagazin.com\/?p=4082","title":{"rendered":"\u0160to staviti na naslovnu fotografiju Facebook Timelinea"},"content":{"rendered":"<h3><a href=\"https:\/\/tehton.covermagazin.com\/wp-content\/uploads\/2020\/04\/tehton_f2.jpg\"><img loading=\"lazy\" decoding=\"async\" class=\"alignnone size-full wp-image-7976\" src=\"https:\/\/tehton.covermagazin.com\/wp-content\/uploads\/2020\/04\/tehton_f2.jpg\" alt=\"\" width=\"600\" height=\"397\" \/><\/a><\/h3>\n<h3>\u0160to staviti na naslovnu fotografiju Facebook Timelinea<\/h3>\n<p>Dok je na starom Facebook profilu jedna fotografija bila odre\u0111ena kao tvoja profilna, na Facebook Timelineu osim profilne postoji i velika, naslovna fotografija koja je vidljiva svima. No, problem je kako odabrati tu fotografiju. Uzmi u obzir sljede\u0107e faktore:<\/p>\n<p>&#8211; \u0160to \u017eeli\u0161 da ljudi znaju o tebi. To je fotografija koja je vidljiva svima, \u010dak i osobama koje nisu tvoji prijatelji. Odaberi ne\u0161to \u0161to te na neki na\u010din predstavlja.<\/p>\n<p>&#8211; Fotografija lijepog pejza\u017ea koji si nedavno posjetio, po mogu\u0107nosti s tobom u kadru.<\/p>\n<p>&#8211; Podru\u010dje tvojih interesa, poznata grupa, najava nekog natjecanja\u2026<\/p>\n<p>&#8211; Ne\u0161to \u010dim se bavi\u0161 u slobodno vrijeme, hobi\u2026<\/p>\n<p>&#8211; Fotografija tebe i obitelji ili mo\u017eda tebe i prijatelja, razreda\u2026<\/p>\n","protected":false},"excerpt":{"rendered":"<p>Dok je na starom Facebook profilu jedna fotografija bila odre\u0111ena kao tvoja profilna, na Facebook Timelineu osim profilne&#8230;<\/p>\n","protected":false},"author":3,"featured_media":0,"comment_status":"open","ping_status":"open","sticky":false,"template":"","format":"standard","meta":{"footnotes":""},"categories":[5,153],"tags":[191],"class_list":["post-4082","post","type-post","status-publish","format-standard","hentry","category-facebook","category-izdvojeno","tag-facebook-timeline"],"_links":{"self":[{"href":"https:\/\/tehton.covermagazin.com\/index.php?rest_route=\/wp\/v2\/posts\/4082","targetHints":{"allow":["GET"]}}],"collection":[{"href":"https:\/\/tehton.covermagazin.com\/index.php?rest_route=\/wp\/v2\/posts"}],"about":[{"href":"https:\/\/tehton.covermagazin.com\/index.php?rest_route=\/wp\/v2\/types\/post"}],"author":[{"embeddable":true,"href":"https:\/\/tehton.covermagazin.com\/index.php?rest_route=\/wp\/v2\/users\/3"}],"replies":[{"embeddable":true,"href":"https:\/\/tehton.covermagazin.com\/index.php?rest_route=%2Fwp%2Fv2%2Fcomments&post=4082"}],"version-history":[{"count":4,"href":"https:\/\/tehton.covermagazin.com\/index.php?rest_route=\/wp\/v2\/posts\/4082\/revisions"}],"predecessor-version":[{"id":8533,"href":"https:\/\/tehton.covermagazin.com\/index.php?rest_route=\/wp\/v2\/posts\/4082\/revisions\/8533"}],"wp:attachment":[{"href":"https:\/\/tehton.covermagazin.com\/index.php?rest_route=%2Fwp%2Fv2%2Fmedia&parent=4082"}],"wp:term":[{"taxonomy":"category","embeddable":true,"href":"https:\/\/tehton.covermagazin.com\/index.php?rest_route=%2Fwp%2Fv2%2Fcategories&post=4082"},{"taxonomy":"post_tag","embeddable":true,"href":"https:\/\/tehton.covermagazin.com\/index.php?rest_route=%2Fwp%2Fv2%2Ftags&post=4082"}],"curies":[{"name":"wp","href":"https:\/\/api.w.org\/{rel}","templated":true}]}}