{"id":4101,"date":"2012-04-03T09:27:35","date_gmt":"2012-04-03T07:27:35","guid":{"rendered":"http:\/\/tehton.covermagazin.com\/?p=4101"},"modified":"2020-06-19T21:48:09","modified_gmt":"2020-06-19T19:48:09","slug":"imate-stvarno-problema-s-kilazom-ili-to-mislite-samo-zbog-facebooka","status":"publish","type":"post","link":"https:\/\/tehton.covermagazin.com\/?p=4101","title":{"rendered":"Imate stvarno problema s kila\u017eom ili to mislite samo zbog Facebooka?"},"content":{"rendered":"<h3><a href=\"https:\/\/tehton.covermagazin.com\/wp-content\/uploads\/2020\/04\/tehton_f2.jpg\"><img loading=\"lazy\" decoding=\"async\" class=\"alignnone size-full wp-image-7976\" src=\"https:\/\/tehton.covermagazin.com\/wp-content\/uploads\/2020\/04\/tehton_f2.jpg\" alt=\"\" width=\"600\" height=\"397\" \/><\/a><\/h3>\n<h3>Imate stvarno problema s kila\u017eom ili to mislite samo zbog Facebooka?<\/h3>\n<p>Ukoliko se borite s vi\u0161kom kilograma djelomi\u010dno za to mo\u017eete okriviti i Facebook. Novo istra\u017eivanje objavljeno na mashable.com, a provedeno me\u0111u 600 Facebook korisnika u dobi izme\u0111u 16 i 40 otkrilo je da njih 51% uspore\u0111uje svoje fotografije na Facebooku sa fotografijama drugih i zbog toga postaju nezadovoljni sa sobom. No, ono \u0161to je jo\u0161 iznena\u0111uju\u0107e je da njih \u010dak 75% upravo zbog toga misli da mora smr\u0161avjeti.<\/p>\n<p>Razmislite da li Facebook tako djeluje i na vas. Uspore\u0111ujete li vi svoje fotografije sa fotografijama svojih prijatelja? Komentar ostavite ispod.<\/p>\n","protected":false},"excerpt":{"rendered":"<p>Ukoliko se borite s vi\u0161kom kilograma djelomi\u010dno za to mo\u017eete okriviti i&#8230;<\/p>\n","protected":false},"author":3,"featured_media":0,"comment_status":"open","ping_status":"open","sticky":false,"template":"","format":"standard","meta":{"footnotes":""},"categories":[5,153],"tags":[402],"class_list":["post-4101","post","type-post","status-publish","format-standard","hentry","category-facebook","category-izdvojeno","tag-facebook"],"_links":{"self":[{"href":"https:\/\/tehton.covermagazin.com\/index.php?rest_route=\/wp\/v2\/posts\/4101","targetHints":{"allow":["GET"]}}],"collection":[{"href":"https:\/\/tehton.covermagazin.com\/index.php?rest_route=\/wp\/v2\/posts"}],"about":[{"href":"https:\/\/tehton.covermagazin.com\/index.php?rest_route=\/wp\/v2\/types\/post"}],"author":[{"embeddable":true,"href":"https:\/\/tehton.covermagazin.com\/index.php?rest_route=\/wp\/v2\/users\/3"}],"replies":[{"embeddable":true,"href":"https:\/\/tehton.covermagazin.com\/index.php?rest_route=%2Fwp%2Fv2%2Fcomments&post=4101"}],"version-history":[{"count":3,"href":"https:\/\/tehton.covermagazin.com\/index.php?rest_route=\/wp\/v2\/posts\/4101\/revisions"}],"predecessor-version":[{"id":8529,"href":"https:\/\/tehton.covermagazin.com\/index.php?rest_route=\/wp\/v2\/posts\/4101\/revisions\/8529"}],"wp:attachment":[{"href":"https:\/\/tehton.covermagazin.com\/index.php?rest_route=%2Fwp%2Fv2%2Fmedia&parent=4101"}],"wp:term":[{"taxonomy":"category","embeddable":true,"href":"https:\/\/tehton.covermagazin.com\/index.php?rest_route=%2Fwp%2Fv2%2Fcategories&post=4101"},{"taxonomy":"post_tag","embeddable":true,"href":"https:\/\/tehton.covermagazin.com\/index.php?rest_route=%2Fwp%2Fv2%2Ftags&post=4101"}],"curies":[{"name":"wp","href":"https:\/\/api.w.org\/{rel}","templated":true}]}}