{"id":5501,"date":"2015-06-18T07:36:35","date_gmt":"2015-06-18T05:36:35","guid":{"rendered":"http:\/\/tehton.covermagazin.com\/?p=5501"},"modified":"2020-06-19T16:40:53","modified_gmt":"2020-06-19T14:40:53","slug":"vecina-ljudi-ipak-pravi-pauzu-u-koristenju-facebooka","status":"publish","type":"post","link":"https:\/\/tehton.covermagazin.com\/?p=5501","title":{"rendered":"Ve\u0107ina ljudi ipak pravi pauzu u kori\u0161tenju Facebooka"},"content":{"rendered":"<h3><a href=\"https:\/\/tehton.covermagazin.com\/wp-content\/uploads\/2020\/04\/tehton_f2.jpg\"><img loading=\"lazy\" decoding=\"async\" class=\"alignnone size-full wp-image-7976\" src=\"https:\/\/tehton.covermagazin.com\/wp-content\/uploads\/2020\/04\/tehton_f2.jpg\" alt=\"\" width=\"600\" height=\"397\" \/><\/a><\/h3>\n<h3>Ve\u0107ina ljudi ipak pravi pauzu u kori\u0161tenju Facebooka<\/h3>\n<p>Novo istra\u017eivanje provedeno od Pew Research Centar prili\u010dno je iznenadilo stru\u010dnjake. Gotovo 61% Facebook korisnika su u nekom trenutku odlu\u010dili \u201euzeti pauzu\u201c od ove popularne dru\u0161tvene mre\u017ee. Njih 39% izjavilo je kako Facebook koriste redovito.<\/p>\n<p>Pauza je uglavnom dobrovoljna i traje nekoliko tjedana. U pravilu nije vezana uz sam Facebook nego za dinami\u010dnost njihovog \u017eivota te u tom trenutku jednostavno nisu imali vremena za Facebook.<\/p>\n","protected":false},"excerpt":{"rendered":"<p>Novo istra\u017eivanje provedeno od Pew Research Centar prili\u010dno je iznenadilo stru\u010dnjake&#8230;<\/p>\n","protected":false},"author":3,"featured_media":0,"comment_status":"open","ping_status":"open","sticky":false,"template":"","format":"standard","meta":{"footnotes":""},"categories":[5],"tags":[],"class_list":["post-5501","post","type-post","status-publish","format-standard","hentry","category-facebook"],"_links":{"self":[{"href":"https:\/\/tehton.covermagazin.com\/index.php?rest_route=\/wp\/v2\/posts\/5501","targetHints":{"allow":["GET"]}}],"collection":[{"href":"https:\/\/tehton.covermagazin.com\/index.php?rest_route=\/wp\/v2\/posts"}],"about":[{"href":"https:\/\/tehton.covermagazin.com\/index.php?rest_route=\/wp\/v2\/types\/post"}],"author":[{"embeddable":true,"href":"https:\/\/tehton.covermagazin.com\/index.php?rest_route=\/wp\/v2\/users\/3"}],"replies":[{"embeddable":true,"href":"https:\/\/tehton.covermagazin.com\/index.php?rest_route=%2Fwp%2Fv2%2Fcomments&post=5501"}],"version-history":[{"count":4,"href":"https:\/\/tehton.covermagazin.com\/index.php?rest_route=\/wp\/v2\/posts\/5501\/revisions"}],"predecessor-version":[{"id":8187,"href":"https:\/\/tehton.covermagazin.com\/index.php?rest_route=\/wp\/v2\/posts\/5501\/revisions\/8187"}],"wp:attachment":[{"href":"https:\/\/tehton.covermagazin.com\/index.php?rest_route=%2Fwp%2Fv2%2Fmedia&parent=5501"}],"wp:term":[{"taxonomy":"category","embeddable":true,"href":"https:\/\/tehton.covermagazin.com\/index.php?rest_route=%2Fwp%2Fv2%2Fcategories&post=5501"},{"taxonomy":"post_tag","embeddable":true,"href":"https:\/\/tehton.covermagazin.com\/index.php?rest_route=%2Fwp%2Fv2%2Ftags&post=5501"}],"curies":[{"name":"wp","href":"https:\/\/api.w.org\/{rel}","templated":true}]}}