{"id":5739,"date":"2014-12-28T10:10:21","date_gmt":"2014-12-28T08:10:21","guid":{"rendered":"http:\/\/tehton.covermagazin.com\/?p=5739"},"modified":"2020-06-19T16:47:01","modified_gmt":"2020-06-19T14:47:01","slug":"kontrolirajte-tko-vidi-vase-objave-na-facebooku","status":"publish","type":"post","link":"https:\/\/tehton.covermagazin.com\/?p=5739","title":{"rendered":"Kontrolirajte tko vidi va\u0161e objave na Facebooku"},"content":{"rendered":"<h3><a href=\"https:\/\/tehton.covermagazin.com\/wp-content\/uploads\/2020\/04\/tehton_f2.jpg\"><img loading=\"lazy\" decoding=\"async\" class=\"alignnone size-full wp-image-7976\" src=\"https:\/\/tehton.covermagazin.com\/wp-content\/uploads\/2020\/04\/tehton_f2.jpg\" alt=\"\" width=\"600\" height=\"397\" \/><\/a><\/h3>\n<h3>Kontrolirajte tko vidi va\u0161e objave na Facebooku<\/h3>\n<p>Kada objavljujete ne\u0161to na Facebooku postoji vi\u0161e opcija tko to mo\u017ee vidjeti pa nije lo\u0161e to provjeriti i odrediti.<\/p>\n<p>Kada napi\u0161ete objavu ili stavite pjesmu, lijevo od opcije <em>&#8211; objavi<\/em> imate nazna\u010deno tko \u0107e vidjeti va\u0161u objavu, a klikom na strelicu pokraj, to mo\u017eete i promijeniti.<\/p>\n<p>Va\u0161a objava mo\u017ee biti dostupna i vidljiva svakoj osobi koja \u0107e kliknuti na va\u0161 profil na Facebooku (<em>Public<\/em>),\u00a0 prijateljima, odre\u0111enim grupama koje ste postavili unutar Facebooka ili posebno prilago\u0111avate navode\u0107i osobe ili grupe za koje posebno \u017eelite da va\u0161u objavu vide ili ne.<\/p>\n","protected":false},"excerpt":{"rendered":"<p>Kada objavljujete ne\u0161to na Facebooku postoji vi\u0161e opcija tko to mo\u017ee vidjeti pa nije lo\u0161e to provjeriti&#8230;<\/p>\n","protected":false},"author":3,"featured_media":0,"comment_status":"open","ping_status":"open","sticky":false,"template":"","format":"standard","meta":{"footnotes":""},"categories":[5],"tags":[15,27,59],"class_list":["post-5739","post","type-post","status-publish","format-standard","hentry","category-facebook","tag-facebook-status","tag-privatnost-na-facebooku","tag-tajnost-na-facebooku"],"_links":{"self":[{"href":"https:\/\/tehton.covermagazin.com\/index.php?rest_route=\/wp\/v2\/posts\/5739","targetHints":{"allow":["GET"]}}],"collection":[{"href":"https:\/\/tehton.covermagazin.com\/index.php?rest_route=\/wp\/v2\/posts"}],"about":[{"href":"https:\/\/tehton.covermagazin.com\/index.php?rest_route=\/wp\/v2\/types\/post"}],"author":[{"embeddable":true,"href":"https:\/\/tehton.covermagazin.com\/index.php?rest_route=\/wp\/v2\/users\/3"}],"replies":[{"embeddable":true,"href":"https:\/\/tehton.covermagazin.com\/index.php?rest_route=%2Fwp%2Fv2%2Fcomments&post=5739"}],"version-history":[{"count":5,"href":"https:\/\/tehton.covermagazin.com\/index.php?rest_route=\/wp\/v2\/posts\/5739\/revisions"}],"predecessor-version":[{"id":8215,"href":"https:\/\/tehton.covermagazin.com\/index.php?rest_route=\/wp\/v2\/posts\/5739\/revisions\/8215"}],"wp:attachment":[{"href":"https:\/\/tehton.covermagazin.com\/index.php?rest_route=%2Fwp%2Fv2%2Fmedia&parent=5739"}],"wp:term":[{"taxonomy":"category","embeddable":true,"href":"https:\/\/tehton.covermagazin.com\/index.php?rest_route=%2Fwp%2Fv2%2Fcategories&post=5739"},{"taxonomy":"post_tag","embeddable":true,"href":"https:\/\/tehton.covermagazin.com\/index.php?rest_route=%2Fwp%2Fv2%2Ftags&post=5739"}],"curies":[{"name":"wp","href":"https:\/\/api.w.org\/{rel}","templated":true}]}}