{"id":5858,"date":"2013-04-24T13:34:05","date_gmt":"2013-04-24T11:34:05","guid":{"rendered":"http:\/\/tehton.covermagazin.com\/?p=5858"},"modified":"2020-06-19T20:27:37","modified_gmt":"2020-06-19T18:27:37","slug":"je-li-tinejdzerima-facebook-dosadio","status":"publish","type":"post","link":"https:\/\/tehton.covermagazin.com\/?p=5858","title":{"rendered":"Je li tinejd\u017eerima Facebook dosadio?"},"content":{"rendered":"<h3><a href=\"https:\/\/tehton.covermagazin.com\/wp-content\/uploads\/2020\/04\/tehton_f2.jpg\"><img loading=\"lazy\" decoding=\"async\" class=\"alignnone size-full wp-image-7976\" src=\"https:\/\/tehton.covermagazin.com\/wp-content\/uploads\/2020\/04\/tehton_f2.jpg\" alt=\"\" width=\"600\" height=\"397\" \/><\/a><\/h3>\n<h3>Je li tinejd\u017eerima Facebook dosadio?<\/h3>\n<p>U 2012.godini prosje\u010dan Facebook korisnik imao je 41 godinu, dok je 2010.godine prosje\u010dan korisnik imao 38 godina. U posljednje vrijeme smanjuje se broj tinejd\u017eera na Facebooku a ovo su razlozi za\u0161to je ova dru\u0161tvena mre\u017ea u opadanju kod mla\u0111e populacije:<\/p>\n<p>&#8211; Zbog toga \u0161to su im roditelji na Facebooku<br \/>\n&#8211; Dosadio im je<br \/>\n&#8211; Previ\u0161e oglasa<br \/>\n&#8211; Previ\u0161e spamova i igara<br \/>\n&#8211; Kori\u0161tenje neke druge, sli\u010dne dru\u0161tvene mre\u017ee.<\/p>\n","protected":false},"excerpt":{"rendered":"<p>U 2012.godini prosje\u010dan Facebook korisnik imao je 41 godinu, dok je 2010.godine&#8230;<\/p>\n","protected":false},"author":3,"featured_media":0,"comment_status":"open","ping_status":"open","sticky":false,"template":"","format":"standard","meta":{"footnotes":""},"categories":[5],"tags":[402,93,27,79],"class_list":["post-5858","post","type-post","status-publish","format-standard","hentry","category-facebook","tag-facebook","tag-facebook-korisnici","tag-privatnost-na-facebooku","tag-sto-raditi-na-facebooku"],"_links":{"self":[{"href":"https:\/\/tehton.covermagazin.com\/index.php?rest_route=\/wp\/v2\/posts\/5858","targetHints":{"allow":["GET"]}}],"collection":[{"href":"https:\/\/tehton.covermagazin.com\/index.php?rest_route=\/wp\/v2\/posts"}],"about":[{"href":"https:\/\/tehton.covermagazin.com\/index.php?rest_route=\/wp\/v2\/types\/post"}],"author":[{"embeddable":true,"href":"https:\/\/tehton.covermagazin.com\/index.php?rest_route=\/wp\/v2\/users\/3"}],"replies":[{"embeddable":true,"href":"https:\/\/tehton.covermagazin.com\/index.php?rest_route=%2Fwp%2Fv2%2Fcomments&post=5858"}],"version-history":[{"count":5,"href":"https:\/\/tehton.covermagazin.com\/index.php?rest_route=\/wp\/v2\/posts\/5858\/revisions"}],"predecessor-version":[{"id":8380,"href":"https:\/\/tehton.covermagazin.com\/index.php?rest_route=\/wp\/v2\/posts\/5858\/revisions\/8380"}],"wp:attachment":[{"href":"https:\/\/tehton.covermagazin.com\/index.php?rest_route=%2Fwp%2Fv2%2Fmedia&parent=5858"}],"wp:term":[{"taxonomy":"category","embeddable":true,"href":"https:\/\/tehton.covermagazin.com\/index.php?rest_route=%2Fwp%2Fv2%2Fcategories&post=5858"},{"taxonomy":"post_tag","embeddable":true,"href":"https:\/\/tehton.covermagazin.com\/index.php?rest_route=%2Fwp%2Fv2%2Ftags&post=5858"}],"curies":[{"name":"wp","href":"https:\/\/api.w.org\/{rel}","templated":true}]}}