{"id":68,"date":"2012-09-05T07:40:07","date_gmt":"2012-09-05T05:40:07","guid":{"rendered":"http:\/\/tehton.covermagazin.com\/?p=68"},"modified":"2020-06-19T20:56:12","modified_gmt":"2020-06-19T18:56:12","slug":"zbog-cega-se-ljudi-otvaraju-na-facebooku","status":"publish","type":"post","link":"https:\/\/tehton.covermagazin.com\/?p=68","title":{"rendered":"Zbog \u010dega se ljudi otvaraju na Facebooku?"},"content":{"rendered":"<h3><a href=\"https:\/\/tehton.covermagazin.com\/wp-content\/uploads\/2020\/04\/tehton_f2.jpg\"><img loading=\"lazy\" decoding=\"async\" class=\"alignnone size-full wp-image-7976\" src=\"https:\/\/tehton.covermagazin.com\/wp-content\/uploads\/2020\/04\/tehton_f2.jpg\" alt=\"\" width=\"600\" height=\"397\" \/><\/a><\/h3>\n<h3>Zbog \u010dega se ljudi otvaraju na Facebooku?<\/h3>\n<p>Zbog \u010dega ljudi stavljaju toliko osobnih informacija na Facebook? Zbog \u010dega tako osobni statusi? Za\u0161to stavljaju intimne fotografije i prijatelje?<\/p>\n<p>Zbog toga \u0161to su egoisti\u010dni i treba im pozornost \u2013 bar tako tvrde znanstvenici.<\/p>\n<p>Veliko istra\u017eivanje koje su proveli studenti psihologije na sveu\u010dili\u0161tu Carnegie Mellon University&#8217;s Human-Computer Interaction Institute dalo je takve naznake. Oni su anketirali 140 tisu\u0107a novih korisnika Facebooka kako bi otkrili koliko osobnih informacija \u0107e podijeliti u prva dva tjedna kori\u0161tenja Facebooka. Posebno su obratili pa\u017enju na fotografije, jer je postavljanje fotografija iznimno popularno na Facebooku.<\/p>\n<p>Njihovi zaklju\u010dci sveli su se na 4 to\u010dke:<\/p>\n<p>1- Prido\u0161lice na Facebook koje postavljaju vi\u0161e sadr\u017eaja osje\u0107at \u0107e se dobrodo\u0161lije.<br \/>\n2- Prido\u0161lice \u010diji su prijatelji aktivniji i sami \u0107e biti aktivniji.<br \/>\n3- Korisnici koji imaju vi\u0161e reagiranja na svoje postove i fotografije jo\u0161 \u010de\u0161\u0107e \u0107e ih postavljati.<br \/>\n4- Prido\u0161lice \u010diji se sadr\u017eaj vi\u0161e \u0161iri na Facebooku, bez obzira u negativnom ili pozitivnom kontekstu, postavljat \u0107e jo\u0161 vi\u0161e sadr\u017eaja.<\/p>\n<p>Iz toga se izvodi zaklju\u010dak kako osobe vi\u0161e sadr\u017eaja objavljuju kada su primje\u0107eniji. Dakle sve se svodi na ego. Sve dok drugi reagiraju na ono \u0161to postavljaju, ljudi \u0107e postavljati sadr\u017eaje, bez obzira naru\u0161avali time svoju ili tu\u0111u intimu.<\/p>\n","protected":false},"excerpt":{"rendered":"<p>Zbog \u010dega ljudi stavljaju toliko osobnih informacija na Facebook? Zbog \u010dega tako osobni statusi? Za\u0161to stavljaju intimne fotografije i prijatelje? <\/p>\n","protected":false},"author":3,"featured_media":0,"comment_status":"open","ping_status":"open","sticky":false,"template":"","format":"standard","meta":{"footnotes":""},"categories":[5,153],"tags":[27],"class_list":["post-68","post","type-post","status-publish","format-standard","hentry","category-facebook","category-izdvojeno","tag-privatnost-na-facebooku"],"_links":{"self":[{"href":"https:\/\/tehton.covermagazin.com\/index.php?rest_route=\/wp\/v2\/posts\/68","targetHints":{"allow":["GET"]}}],"collection":[{"href":"https:\/\/tehton.covermagazin.com\/index.php?rest_route=\/wp\/v2\/posts"}],"about":[{"href":"https:\/\/tehton.covermagazin.com\/index.php?rest_route=\/wp\/v2\/types\/post"}],"author":[{"embeddable":true,"href":"https:\/\/tehton.covermagazin.com\/index.php?rest_route=\/wp\/v2\/users\/3"}],"replies":[{"embeddable":true,"href":"https:\/\/tehton.covermagazin.com\/index.php?rest_route=%2Fwp%2Fv2%2Fcomments&post=68"}],"version-history":[{"count":20,"href":"https:\/\/tehton.covermagazin.com\/index.php?rest_route=\/wp\/v2\/posts\/68\/revisions"}],"predecessor-version":[{"id":8456,"href":"https:\/\/tehton.covermagazin.com\/index.php?rest_route=\/wp\/v2\/posts\/68\/revisions\/8456"}],"wp:attachment":[{"href":"https:\/\/tehton.covermagazin.com\/index.php?rest_route=%2Fwp%2Fv2%2Fmedia&parent=68"}],"wp:term":[{"taxonomy":"category","embeddable":true,"href":"https:\/\/tehton.covermagazin.com\/index.php?rest_route=%2Fwp%2Fv2%2Fcategories&post=68"},{"taxonomy":"post_tag","embeddable":true,"href":"https:\/\/tehton.covermagazin.com\/index.php?rest_route=%2Fwp%2Fv2%2Ftags&post=68"}],"curies":[{"name":"wp","href":"https:\/\/api.w.org\/{rel}","templated":true}]}}